{"id":346356,"date":"2022-04-12T11:36:58","date_gmt":"2022-04-12T11:36:58","guid":{"rendered":"https:\/\/rubioydelamo.com\/santiago-mediano\/contratos-laborales-artistas\/"},"modified":"2022-04-12T11:36:58","modified_gmt":"2022-04-12T11:36:58","slug":"contratos-laborales-artistas","status":"publish","type":"post","link":"https:\/\/santiagomediano.com\/pt-pt\/contratos-laborales-artistas\/","title":{"rendered":"Un nuevo contrato laboral para los artistas: las cuatro claves de la normativa"},"content":{"rendered":"<p>El sector cultural ha sido uno de los m\u00e1s afectados por la pandemia. Por eso, el pasado 23 de marzo se public\u00f3 un Real Decreto que <strong>persigue mejorar y modernizar las condiciones laborales de los artistas.<\/strong><\/p> <p>Se trata del <a href=\"https:\/\/www.boe.es\/buscar\/doc.php?id=BOE-A-2022-4583\" target=\"_blank\" rel=\"noopener\">Real Decreto-ley 5\/2022, de 22 de marzo<\/a>, por el que se adapta el r\u00e9gimen de la relaci\u00f3n laboral de car\u00e1cter especial de las personas dedicadas a las actividades art\u00edsticas, as\u00ed como a las actividades t\u00e9cnicas y auxiliares necesarias para su desarrollo.<\/p> <p>&nbsp;<\/p> <h3><span style=\"font-family: Raleway;\">La norma en 4 aspectos clave<\/span><\/h3> <p style=\"padding-left: 40px;\"><strong>1. Se incluye en la relaci\u00f3n laboral especial de artistas al personal t\u00e9cnico y auxiliar necesario para el desarrollo de la actividad.<\/strong><\/p> <p><strong>\u00a0<\/strong>Se refiere exclusivamente a las actividades t\u00e9cnicas o auxiliares que se realizan en espect\u00e1culos p\u00fablicos y que no se desarrollan de forma estructural o permanente por la empresa, aunque sea de modo c\u00edclico, aplicando fuera de estos par\u00e1metros la legislaci\u00f3n laboral ordinaria.<\/p> <p style=\"padding-left: 40px;\"><strong>2. Se crea el contrato laboral art\u00edstico, <\/strong>con el fin de dar respuesta a las necesidades espec\u00edficas del sector, que se caracteriza por la intermitencia de su actividad y por el pruriempleo.<\/p> <p>Su duraci\u00f3n puede ser:<\/p> <ul> <li><strong>Indefinida<\/strong><\/li> <li><strong>Determinada<\/strong>, para cubrir necesidades temporales de la empresa (para una o varias actuaciones, por un tiempo cierto, por una temporada o por el tiempo que una obra permanezca en cartel, o por el tiempo que duren las distintas fases de la producci\u00f3n), con posibilidad de pr\u00f3rroga siempre que persista la necesidad temporal.<\/li> <\/ul> <p>Lleva aparejada una indemnizaci\u00f3n por finalizaci\u00f3n que se mantiene en 12 d\u00edas de salario por a\u00f1o de servicio para los contratos de duraci\u00f3n inferior a 18 meses, pero que se incrementa a 20 d\u00edas de salario por a\u00f1o de servicio para los de duraci\u00f3n superior, incluidas las pr\u00f3rrogas.<\/p> <p style=\"padding-left: 40px;\"><strong>3. <\/strong><strong>Se inaplica a las empresas la penalizaci\u00f3n por realizar contrataciones de duraci\u00f3n inferior a 30 d\u00edas<\/strong>, en atenci\u00f3n a la frecuencia con la que se celebran este tipo de contratos en el sector, por las propias caracter\u00edsticas del trabajo art\u00edstico.<\/p> <p style=\"padding-left: 40px;\"><strong>4. <\/strong><strong>Se contempla una reducci\u00f3n en las cuotas a la Seguridad Social de los trabajadores aut\u00f3nomos del sector art\u00edstico con ingresos anuales inferiores a 3.000 euros<\/strong> (pendiente de materializaci\u00f3n).<\/p> <p>La norma prev\u00e9 la revisi\u00f3n de todas las medidas en el plazo de un a\u00f1o, a los efectos de comprobar su eficacia y, en su caso, mejorarlas.<\/p> <hr \/> <p><a href=\"https:\/\/santiagomediano.com\/pt-pt\/pessoas\/belen-sanchez\/\" target=\"_blank\" rel=\"noopener\"><strong>Bel\u00e9n S\u00e1nchez<\/strong><\/a> | Of Counsel<\/p>","protected":false},"excerpt":{"rendered":"<p>El sector cultural ha sido uno de los m\u00e1s afectados por la pandemia. Por eso, el pasado 23 de marzo se public\u00f3 un Real Decreto que persigue mejorar y modernizar las condiciones laborales de los artistas. Se trata del Real Decreto-ley 5\/2022, de 22 de marzo, por el que se adapta el r\u00e9gimen de la [&hellip;]<\/p>\n","protected":false},"author":27,"featured_media":346357,"comment_status":"open","ping_status":"open","sticky":false,"template":"","format":"standard","meta":{"_acf_changed":false,"inline_featured_image":false,"footnotes":""},"categories":[354],"tags":[589,656,657],"class_list":["post-346356","post","type-post","status-publish","format-standard","has-post-thumbnail","hentry","category-blog","tag-cultura","tag-artistas","tag-laboral"],"acf":[],"yoast_head":"<!-- This site is optimized with the Yoast SEO plugin v27.3 - https:\/\/yoast.com\/product\/yoast-seo-wordpress\/ -->\n<title>Un nuevo contrato laboral para los artistas: las cuatro claves de la normativa - Santiago Mediano<\/title>\n<meta name=\"robots\" content=\"index, follow, max-snippet:-1, max-image-preview:large, max-video-preview:-1\" \/>\n<link rel=\"canonical\" href=\"https:\/\/santiagomediano.com\/pt-pt\/contratos-laborales-artistas\/\" \/>\n<meta property=\"og:locale\" content=\"pt_PT\" \/>\n<meta property=\"og:type\" content=\"article\" \/>\n<meta property=\"og:title\" content=\"Un nuevo contrato laboral para los artistas: las cuatro claves de la normativa - Santiago Mediano\" \/>\n<meta property=\"og:description\" content=\"El sector cultural ha sido uno de los m\u00e1s afectados por la pandemia. Por eso, el pasado 23 de marzo se public\u00f3 un Real Decreto que persigue mejorar y modernizar las condiciones laborales de los artistas. Se trata del Real Decreto-ley 5\/2022, de 22 de marzo, por el que se adapta el r\u00e9gimen de la [&hellip;]\" \/>\n<meta property=\"og:url\" content=\"https:\/\/santiagomediano.com\/pt-pt\/contratos-laborales-artistas\/\" \/>\n<meta property=\"og:site_name\" content=\"Santiago Mediano\" \/>\n<meta property=\"article:published_time\" content=\"2022-04-12T11:36:58+00:00\" \/>\n<meta name=\"author\" content=\"Santiago Mediano Abogados\" \/>\n<meta name=\"twitter:card\" content=\"summary_large_image\" \/>\n<meta name=\"twitter:label1\" content=\"Escrito por\" \/>\n\t<meta name=\"twitter:data1\" content=\"Santiago Mediano Abogados\" \/>\n\t<meta name=\"twitter:label2\" content=\"Tempo estimado de leitura\" \/>\n\t<meta name=\"twitter:data2\" content=\"2 minutos\" \/>\n<script type=\"application\/ld+json\" class=\"yoast-schema-graph\">{\"@context\":\"https:\\\/\\\/schema.org\",\"@graph\":[{\"@type\":\"Article\",\"@id\":\"https:\\\/\\\/santiagomediano.com\\\/pt-pt\\\/contratos-laborales-artistas\\\/#article\",\"isPartOf\":{\"@id\":\"https:\\\/\\\/santiagomediano.com\\\/pt-pt\\\/contratos-laborales-artistas\\\/\"},\"author\":{\"name\":\"Santiago Mediano Abogados\",\"@id\":\"https:\\\/\\\/santiagomediano.com\\\/pt-pt\\\/#\\\/schema\\\/person\\\/aa4f045b20c7c55e8a19abf88820c925\"},\"headline\":\"Un nuevo contrato laboral para los artistas: las cuatro claves de la normativa\",\"datePublished\":\"2022-04-12T11:36:58+00:00\",\"mainEntityOfPage\":{\"@id\":\"https:\\\/\\\/santiagomediano.com\\\/pt-pt\\\/contratos-laborales-artistas\\\/\"},\"wordCount\":431,\"commentCount\":0,\"publisher\":{\"@id\":\"https:\\\/\\\/santiagomediano.com\\\/pt-pt\\\/#organization\"},\"image\":{\"@id\":\"https:\\\/\\\/santiagomediano.com\\\/pt-pt\\\/contratos-laborales-artistas\\\/#primaryimage\"},\"thumbnailUrl\":\"https:\\\/\\\/santiagomediano.com\\\/wp-content\\\/uploads\\\/2022\\\/04\\\/SMA-Plantilla-41-1.jpg\",\"keywords\":[\"cultura\",\"artistas\",\"Laboral\"],\"articleSection\":[\"Blog\"],\"inLanguage\":\"pt-PT\",\"potentialAction\":[{\"@type\":\"CommentAction\",\"name\":\"Comment\",\"target\":[\"https:\\\/\\\/santiagomediano.com\\\/pt-pt\\\/contratos-laborales-artistas\\\/#respond\"]}]},{\"@type\":\"WebPage\",\"@id\":\"https:\\\/\\\/santiagomediano.com\\\/pt-pt\\\/contratos-laborales-artistas\\\/\",\"url\":\"https:\\\/\\\/santiagomediano.com\\\/pt-pt\\\/contratos-laborales-artistas\\\/\",\"name\":\"Un nuevo contrato laboral para los artistas: las cuatro claves de la normativa - Santiago Mediano\",\"isPartOf\":{\"@id\":\"https:\\\/\\\/santiagomediano.com\\\/pt-pt\\\/#website\"},\"primaryImageOfPage\":{\"@id\":\"https:\\\/\\\/santiagomediano.com\\\/pt-pt\\\/contratos-laborales-artistas\\\/#primaryimage\"},\"image\":{\"@id\":\"https:\\\/\\\/santiagomediano.com\\\/pt-pt\\\/contratos-laborales-artistas\\\/#primaryimage\"},\"thumbnailUrl\":\"https:\\\/\\\/santiagomediano.com\\\/wp-content\\\/uploads\\\/2022\\\/04\\\/SMA-Plantilla-41-1.jpg\",\"datePublished\":\"2022-04-12T11:36:58+00:00\",\"breadcrumb\":{\"@id\":\"https:\\\/\\\/santiagomediano.com\\\/pt-pt\\\/contratos-laborales-artistas\\\/#breadcrumb\"},\"inLanguage\":\"pt-PT\",\"potentialAction\":[{\"@type\":\"ReadAction\",\"target\":[\"https:\\\/\\\/santiagomediano.com\\\/pt-pt\\\/contratos-laborales-artistas\\\/\"]}]},{\"@type\":\"ImageObject\",\"inLanguage\":\"pt-PT\",\"@id\":\"https:\\\/\\\/santiagomediano.com\\\/pt-pt\\\/contratos-laborales-artistas\\\/#primaryimage\",\"url\":\"https:\\\/\\\/santiagomediano.com\\\/wp-content\\\/uploads\\\/2022\\\/04\\\/SMA-Plantilla-41-1.jpg\",\"contentUrl\":\"https:\\\/\\\/santiagomediano.com\\\/wp-content\\\/uploads\\\/2022\\\/04\\\/SMA-Plantilla-41-1.jpg\",\"width\":1920,\"height\":1080},{\"@type\":\"BreadcrumbList\",\"@id\":\"https:\\\/\\\/santiagomediano.com\\\/pt-pt\\\/contratos-laborales-artistas\\\/#breadcrumb\",\"itemListElement\":[{\"@type\":\"ListItem\",\"position\":1,\"name\":\"Portada\",\"item\":\"https:\\\/\\\/santiagomediano.com\\\/pt-pt\\\/\"},{\"@type\":\"ListItem\",\"position\":2,\"name\":\"Un nuevo contrato laboral para los artistas: las cuatro claves de la normativa\"}]},{\"@type\":\"WebSite\",\"@id\":\"https:\\\/\\\/santiagomediano.com\\\/pt-pt\\\/#website\",\"url\":\"https:\\\/\\\/santiagomediano.com\\\/pt-pt\\\/\",\"name\":\"Santiago Mediano\",\"description\":\"\",\"publisher\":{\"@id\":\"https:\\\/\\\/santiagomediano.com\\\/pt-pt\\\/#organization\"},\"potentialAction\":[{\"@type\":\"SearchAction\",\"target\":{\"@type\":\"EntryPoint\",\"urlTemplate\":\"https:\\\/\\\/santiagomediano.com\\\/pt-pt\\\/?s={search_term_string}\"},\"query-input\":{\"@type\":\"PropertyValueSpecification\",\"valueRequired\":true,\"valueName\":\"search_term_string\"}}],\"inLanguage\":\"pt-PT\"},{\"@type\":\"Organization\",\"@id\":\"https:\\\/\\\/santiagomediano.com\\\/pt-pt\\\/#organization\",\"name\":\"Santiago Mediano\",\"url\":\"https:\\\/\\\/santiagomediano.com\\\/pt-pt\\\/\",\"logo\":{\"@type\":\"ImageObject\",\"inLanguage\":\"pt-PT\",\"@id\":\"https:\\\/\\\/santiagomediano.com\\\/pt-pt\\\/#\\\/schema\\\/logo\\\/image\\\/\",\"url\":\"https:\\\/\\\/santiagomediano.com\\\/wp-content\\\/uploads\\\/2026\\\/02\\\/cropped-A_AVATAR-LINKEDIN-SM-copia.png\",\"contentUrl\":\"https:\\\/\\\/santiagomediano.com\\\/wp-content\\\/uploads\\\/2026\\\/02\\\/cropped-A_AVATAR-LINKEDIN-SM-copia.png\",\"width\":512,\"height\":512,\"caption\":\"Santiago Mediano\"},\"image\":{\"@id\":\"https:\\\/\\\/santiagomediano.com\\\/pt-pt\\\/#\\\/schema\\\/logo\\\/image\\\/\"}},{\"@type\":\"Person\",\"@id\":\"https:\\\/\\\/santiagomediano.com\\\/pt-pt\\\/#\\\/schema\\\/person\\\/aa4f045b20c7c55e8a19abf88820c925\",\"name\":\"Santiago Mediano Abogados\",\"image\":{\"@type\":\"ImageObject\",\"inLanguage\":\"pt-PT\",\"@id\":\"https:\\\/\\\/secure.gravatar.com\\\/avatar\\\/3bc15659e92d96c50afdf4b5a6399ec132fc8d89e17e45bc45662a2291c9a703?s=96&d=mm&r=g\",\"url\":\"https:\\\/\\\/secure.gravatar.com\\\/avatar\\\/3bc15659e92d96c50afdf4b5a6399ec132fc8d89e17e45bc45662a2291c9a703?s=96&d=mm&r=g\",\"contentUrl\":\"https:\\\/\\\/secure.gravatar.com\\\/avatar\\\/3bc15659e92d96c50afdf4b5a6399ec132fc8d89e17e45bc45662a2291c9a703?s=96&d=mm&r=g\",\"caption\":\"Santiago Mediano Abogados\"},\"url\":\"https:\\\/\\\/santiagomediano.com\\\/pt-pt\\\/author\\\/santiago-mediano-abogados\\\/\"}]}<\/script>\n<!-- \/ Yoast SEO plugin. -->","yoast_head_json":{"title":"Un nuevo contrato laboral para los artistas: las cuatro claves de la normativa - Santiago Mediano","robots":{"index":"index","follow":"follow","max-snippet":"max-snippet:-1","max-image-preview":"max-image-preview:large","max-video-preview":"max-video-preview:-1"},"canonical":"https:\/\/santiagomediano.com\/pt-pt\/contratos-laborales-artistas\/","og_locale":"pt_PT","og_type":"article","og_title":"Un nuevo contrato laboral para los artistas: las cuatro claves de la normativa - Santiago Mediano","og_description":"El sector cultural ha sido uno de los m\u00e1s afectados por la pandemia. Por eso, el pasado 23 de marzo se public\u00f3 un Real Decreto que persigue mejorar y modernizar las condiciones laborales de los artistas. Se trata del Real Decreto-ley 5\/2022, de 22 de marzo, por el que se adapta el r\u00e9gimen de la [&hellip;]","og_url":"https:\/\/santiagomediano.com\/pt-pt\/contratos-laborales-artistas\/","og_site_name":"Santiago Mediano","article_published_time":"2022-04-12T11:36:58+00:00","author":"Santiago Mediano Abogados","twitter_card":"summary_large_image","twitter_misc":{"Escrito por":"Santiago Mediano Abogados","Tempo estimado de leitura":"2 minutos"},"schema":{"@context":"https:\/\/schema.org","@graph":[{"@type":"Article","@id":"https:\/\/santiagomediano.com\/pt-pt\/contratos-laborales-artistas\/#article","isPartOf":{"@id":"https:\/\/santiagomediano.com\/pt-pt\/contratos-laborales-artistas\/"},"author":{"name":"Santiago Mediano Abogados","@id":"https:\/\/santiagomediano.com\/pt-pt\/#\/schema\/person\/aa4f045b20c7c55e8a19abf88820c925"},"headline":"Un nuevo contrato laboral para los artistas: las cuatro claves de la normativa","datePublished":"2022-04-12T11:36:58+00:00","mainEntityOfPage":{"@id":"https:\/\/santiagomediano.com\/pt-pt\/contratos-laborales-artistas\/"},"wordCount":431,"commentCount":0,"publisher":{"@id":"https:\/\/santiagomediano.com\/pt-pt\/#organization"},"image":{"@id":"https:\/\/santiagomediano.com\/pt-pt\/contratos-laborales-artistas\/#primaryimage"},"thumbnailUrl":"https:\/\/santiagomediano.com\/wp-content\/uploads\/2022\/04\/SMA-Plantilla-41-1.jpg","keywords":["cultura","artistas","Laboral"],"articleSection":["Blog"],"inLanguage":"pt-PT","potentialAction":[{"@type":"CommentAction","name":"Comment","target":["https:\/\/santiagomediano.com\/pt-pt\/contratos-laborales-artistas\/#respond"]}]},{"@type":"WebPage","@id":"https:\/\/santiagomediano.com\/pt-pt\/contratos-laborales-artistas\/","url":"https:\/\/santiagomediano.com\/pt-pt\/contratos-laborales-artistas\/","name":"Un nuevo contrato laboral para los artistas: las cuatro claves de la normativa - Santiago Mediano","isPartOf":{"@id":"https:\/\/santiagomediano.com\/pt-pt\/#website"},"primaryImageOfPage":{"@id":"https:\/\/santiagomediano.com\/pt-pt\/contratos-laborales-artistas\/#primaryimage"},"image":{"@id":"https:\/\/santiagomediano.com\/pt-pt\/contratos-laborales-artistas\/#primaryimage"},"thumbnailUrl":"https:\/\/santiagomediano.com\/wp-content\/uploads\/2022\/04\/SMA-Plantilla-41-1.jpg","datePublished":"2022-04-12T11:36:58+00:00","breadcrumb":{"@id":"https:\/\/santiagomediano.com\/pt-pt\/contratos-laborales-artistas\/#breadcrumb"},"inLanguage":"pt-PT","potentialAction":[{"@type":"ReadAction","target":["https:\/\/santiagomediano.com\/pt-pt\/contratos-laborales-artistas\/"]}]},{"@type":"ImageObject","inLanguage":"pt-PT","@id":"https:\/\/santiagomediano.com\/pt-pt\/contratos-laborales-artistas\/#primaryimage","url":"https:\/\/santiagomediano.com\/wp-content\/uploads\/2022\/04\/SMA-Plantilla-41-1.jpg","contentUrl":"https:\/\/santiagomediano.com\/wp-content\/uploads\/2022\/04\/SMA-Plantilla-41-1.jpg","width":1920,"height":1080},{"@type":"BreadcrumbList","@id":"https:\/\/santiagomediano.com\/pt-pt\/contratos-laborales-artistas\/#breadcrumb","itemListElement":[{"@type":"ListItem","position":1,"name":"Portada","item":"https:\/\/santiagomediano.com\/pt-pt\/"},{"@type":"ListItem","position":2,"name":"Un nuevo contrato laboral para los artistas: las cuatro claves de la normativa"}]},{"@type":"WebSite","@id":"https:\/\/santiagomediano.com\/pt-pt\/#website","url":"https:\/\/santiagomediano.com\/pt-pt\/","name":"Santiago Mediano","description":"","publisher":{"@id":"https:\/\/santiagomediano.com\/pt-pt\/#organization"},"potentialAction":[{"@type":"SearchAction","target":{"@type":"EntryPoint","urlTemplate":"https:\/\/santiagomediano.com\/pt-pt\/?s={search_term_string}"},"query-input":{"@type":"PropertyValueSpecification","valueRequired":true,"valueName":"search_term_string"}}],"inLanguage":"pt-PT"},{"@type":"Organization","@id":"https:\/\/santiagomediano.com\/pt-pt\/#organization","name":"Santiago Mediano","url":"https:\/\/santiagomediano.com\/pt-pt\/","logo":{"@type":"ImageObject","inLanguage":"pt-PT","@id":"https:\/\/santiagomediano.com\/pt-pt\/#\/schema\/logo\/image\/","url":"https:\/\/santiagomediano.com\/wp-content\/uploads\/2026\/02\/cropped-A_AVATAR-LINKEDIN-SM-copia.png","contentUrl":"https:\/\/santiagomediano.com\/wp-content\/uploads\/2026\/02\/cropped-A_AVATAR-LINKEDIN-SM-copia.png","width":512,"height":512,"caption":"Santiago Mediano"},"image":{"@id":"https:\/\/santiagomediano.com\/pt-pt\/#\/schema\/logo\/image\/"}},{"@type":"Person","@id":"https:\/\/santiagomediano.com\/pt-pt\/#\/schema\/person\/aa4f045b20c7c55e8a19abf88820c925","name":"Santiago Mediano Abogados","image":{"@type":"ImageObject","inLanguage":"pt-PT","@id":"https:\/\/secure.gravatar.com\/avatar\/3bc15659e92d96c50afdf4b5a6399ec132fc8d89e17e45bc45662a2291c9a703?s=96&d=mm&r=g","url":"https:\/\/secure.gravatar.com\/avatar\/3bc15659e92d96c50afdf4b5a6399ec132fc8d89e17e45bc45662a2291c9a703?s=96&d=mm&r=g","contentUrl":"https:\/\/secure.gravatar.com\/avatar\/3bc15659e92d96c50afdf4b5a6399ec132fc8d89e17e45bc45662a2291c9a703?s=96&d=mm&r=g","caption":"Santiago Mediano Abogados"},"url":"https:\/\/santiagomediano.com\/pt-pt\/author\/santiago-mediano-abogados\/"}]}},"_links":{"self":[{"href":"https:\/\/santiagomediano.com\/pt-pt\/wp-json\/wp\/v2\/posts\/346356","targetHints":{"allow":["GET"]}}],"collection":[{"href":"https:\/\/santiagomediano.com\/pt-pt\/wp-json\/wp\/v2\/posts"}],"about":[{"href":"https:\/\/santiagomediano.com\/pt-pt\/wp-json\/wp\/v2\/types\/post"}],"author":[{"embeddable":true,"href":"https:\/\/santiagomediano.com\/pt-pt\/wp-json\/wp\/v2\/users\/27"}],"replies":[{"embeddable":true,"href":"https:\/\/santiagomediano.com\/pt-pt\/wp-json\/wp\/v2\/comments?post=346356"}],"version-history":[{"count":0,"href":"https:\/\/santiagomediano.com\/pt-pt\/wp-json\/wp\/v2\/posts\/346356\/revisions"}],"wp:featuredmedia":[{"embeddable":true,"href":"https:\/\/santiagomediano.com\/pt-pt\/wp-json\/wp\/v2\/media\/346357"}],"wp:attachment":[{"href":"https:\/\/santiagomediano.com\/pt-pt\/wp-json\/wp\/v2\/media?parent=346356"}],"wp:term":[{"taxonomy":"category","embeddable":true,"href":"https:\/\/santiagomediano.com\/pt-pt\/wp-json\/wp\/v2\/categories?post=346356"},{"taxonomy":"post_tag","embeddable":true,"href":"https:\/\/santiagomediano.com\/pt-pt\/wp-json\/wp\/v2\/tags?post=346356"}],"curies":[{"name":"wp","href":"https:\/\/api.w.org\/{rel}","templated":true}]}}